{"id":4298,"date":"2020-12-09T11:55:00","date_gmt":"2020-12-09T10:55:00","guid":{"rendered":"https:\/\/www.generali.es\/blog\/generalimasqueseguros\/?p=4298"},"modified":"2022-07-19T11:44:32","modified_gmt":"2022-07-19T09:44:32","slug":"como-superar-el-miedo-a-hablar-en-publico","status":"publish","type":"post","link":"https:\/\/www.generali.es\/blog\/generalimasqueseguros\/como-superar-el-miedo-a-hablar-en-publico\/","title":{"rendered":"C\u00d3MO SUPERAR EL MIEDO A HABLAR EN P\u00daBLICO"},"content":{"rendered":"<p><b>Saber hablar en p\u00fablico es una habilidad<\/b> que te puede ayudar a potenciar tu perfil profesional y a ganar confianza en ti mismo. Sin embargo, nadie nace siendo un experto orador. Lo normal es que a todo el mundo le d\u00e9 cierto v\u00e9rtigo enfrentarse a una audiencia en silencio, aunque a algunas personas les resulta especialmente dif\u00edcil. Ya sea por timidez, por falta de confianza o por haber pasado por alguna experiencia negativa, el <b>miedo a hablar en p\u00fablico es m\u00e1s generalizado de lo que nos imaginamos<\/b>. De hecho, algunos estudios apuntan a que a un 75% de la poblaci\u00f3n le incomoda de alguna forma enfrentarse a una audiencia. Desde cierto nerviosismo a cuadros m\u00e1s graves de ansiedad, el miedo a hablar en p\u00fablico puede incluso convertirse en una fobia. Si eres de las personas que se ponen nerviosas, no te pierdas estos consejos sobre <b>c\u00f3mo superar el miedo a hablar en p\u00fablico<\/b>.<\/p>\n<p><img decoding=\"async\" alt=\"Generali_Spain_fear_of_public_speaking_mini_graphic_v1-01 .png\" height=\"\" src=\"https:\/\/images-cdn.welcomesoftware.com\/Zz1lMGQ2NWI0ZTI0NTExMWViODAzODBhOGYwOTMwZDZhZA==\" width=\"100%\"\/><\/p>\n<h2><b>\u00bfQu\u00e9 es la glosofobia y cu\u00e1les son sus s\u00edntomas?<\/b><\/h2>\n<p>El miedo a hablar en p\u00fablico tambi\u00e9n se conoce como \u201cglosofobia\u201d. Este t\u00e9rmino proviene del griego y combina las palabras \u201cglossa\u201d<i>,<\/i> que se traduce como lengua, y<em> <\/em>\u201cfobos\u201d<i>,<\/i> que significa miedo. Aunque es habitual sentir cierto nerviosismo cuando una persona se enfrenta a una audiencia en silencio, <b>la glosofobia es un trastorno de ansiedad<\/b>. Se trata del <b>miedo irracional, permanente e incontrolable a hablar frente a muchas personas, <\/b>lo que lleva al que lo padece a evitar constantemente las situaciones en las que debe hablar frente a una audiencia. Este p\u00e1nico puede llegar a ser tal que incluso paraliza mentalmente a la persona y le impide desarrollar la actividad, llegando a desmayarse en algunos casos.\u00a0<\/p>\n<p>Aunque en ocasiones el miedo a hablar en p\u00fablico forma parte de alg\u00fan otro tipo de fobia social m\u00e1s amplia, no siempre es as\u00ed. De hecho, a diferencia de las fobias sociales, donde el que la padece siente ansiedad con la mera interacci\u00f3n con otras personas, la <b>glosofobia solo se desarrolla en el contexto de tener que hablar en p\u00fablico<\/b>.<\/p>\n<h3>S\u00edntomas f\u00edsicos de la glosofobia<\/h3>\n<p>Los s\u00edntomas f\u00edsicos de la glosofobia m\u00e1s comunes son:<\/p>\n<ul>\n<li>Palpitaciones y\/o taquicardias.<\/li>\n<li>Incremento de la tensi\u00f3n muscular.<\/li>\n<li>Tartamudeo y boca seca.<\/li>\n<li>Temblor de manos y cambios de voz.<\/li>\n<li>Sensaci\u00f3n de ahogo.<\/li>\n<li>Dolores de cabeza y\/o est\u00f3mago.<\/li>\n<li>N\u00e1useas, v\u00f3mitos y mareos.<\/li>\n<li>La glosofobia puede incluso derivar en un desmayo.<\/li>\n<\/ul>\n<h3>S\u00edntomas cognitivos y conductuales de la glosofobia<\/h3>\n<p>Los principales s\u00edntomas cognitivos de la glosofobia son los <b>pensamientos irracionales e intrusivos respecto a lo que podr\u00eda ocurrir <\/b>si la persona que lo padece acaba hablando en p\u00fablico. Estos pensamientos negativos suelen ser<b> el<\/b> <b>miedo a perder el control, ideas catastr\u00f3ficas o especulaciones negativas<\/b>. Normalmente la glosofobia se desarrolla en cuadros de p\u00e1nico esc\u00e9nico. Las personas que la padecen tambi\u00e9n suelen experimentar cambios en la conducta, como llegar tarde a prop\u00f3sito o inventar alguna causa que justifique la ausencia, como por ejemplo una enfermedad.<\/p>\n<p><img decoding=\"async\" alt=\"Generali_Spain_fear_of_public_speaking_mini_graphic_v1-02.png\" height=\"\" src=\"https:\/\/images-cdn.welcomesoftware.com\/Zz0yYjFhMWVmZTI0NTIxMWViOGJiMmUzMTg3Nzk4NDBmMg==\" width=\"100%\"\/><\/p>\n<h2><b>Causas del miedo a hablar en p\u00fablico<\/b><\/h2>\n<p>Muchas veces es dif\u00edcil poder se\u00f1alar la causa espec\u00edfica que provoca este miedo a hablar en p\u00fablico. De hecho, normalmente se trata de una combinaci\u00f3n de diferentes causas que culminan en un p\u00e1nico a dirigirse a una audiencia. Es cierto que en la glosofobia existe una <b>predisposici\u00f3n gen\u00e9tica a los efectos de la ansiedad y estr\u00e9s<\/b>, sumado a <b>experiencias negativas relacionadas con la actividad de hablar en p\u00fablico.<\/b> Pero, adem\u00e1s, las personas que la sufren comienzan a evitar de forma cada vez m\u00e1s expl\u00edcita el acto de hablar en p\u00fablico, lo que a su vez aumenta paulatinamente el miedo esc\u00e9nico. Por otra parte, las personas con <b>pocas habilidades sociales<\/b> tambi\u00e9n son m\u00e1s propensas a sufrirlo.<\/p>\n<p><video controls=\"controls\" preload=\"none\" width=\"100%\"><source src=\"https:\/\/files.newscred.com\/download\/1b2f5e952a4711eba28ec3d1eda637c7\"\/>Your browser doesn&#8217;t support the HTML5 video tag.<\/video><\/p>\n<h2>\u00a0<\/h2>\n<h2><b>Consejos para vencer el miedo a hablar en p\u00fablico<\/b><\/h2>\n<p>La glosofobia es un trastorno que no desaparece de repente, pero s\u00ed existen algunas t\u00e9cnicas para disminuir sus efectos e incluso<b> vencer el miedo a hablar en p\u00fablico por completo<\/b>.<\/p>\n<ul>\n<li><b>Ensaya frente al espejo.<\/b> Cuanto mejor te sepas el discurso, menos nervios sentir\u00e1s. Trata de recitarlo varias veces a solas frente a un espejo hasta que sientas que dominas el tema. Eso reforzar\u00e1 la confianza en ti mismo y la exposici\u00f3n resultar\u00e1 m\u00e1s fluida.<\/li>\n<li><b>Fija la vista en un punto concreto.<\/b> Mira a una persona concreta, ya sea un desconocido o alguien que te genere confianza. El elevado n\u00famero de asistentes puede aumentar tu sensaci\u00f3n de v\u00e9rtigo, as\u00ed que trata de aislar al p\u00fablico concentr\u00e1ndote en un solo asistente para perder el miedo.<\/li>\n<li><strong>Pon el foco en el contenido de la exposici\u00f3n.<\/strong> No pienses en el p\u00fablico.\u00a0<\/li>\n<li><b>No escribas el discurso completo, solo anota ideas clave.<\/b> Quedarte en blanco solo empeorar\u00e1 la situaci\u00f3n. Anota las ideas m\u00e1s importantes para poder retomar la estructura f\u00e1cilmente.<\/li>\n<li><strong>Utilizar t\u00e9cnicas de relajaci\u00f3n.<\/strong> La <a href=\"https:\/\/blog.aecc.es\/como-manejar-estres-tecnicas-relajacion\/\" rel=\"noopener\" target=\"_blank\">respiraci\u00f3n diafragm\u00e1tica<\/a>\u00a0te ayudar\u00e1 a vencer el miedo a hablar en p\u00fablico.<\/li>\n<li><strong>No luches contra los s\u00edntomas<\/strong>. Aprende a identificarlos, pero sin dramatizar la situaci\u00f3n.<\/li>\n<\/ul>\n<p>\u00a0<\/p>\n<p>\u00bfTrabajas mucho y disfrutas a\u00fan m\u00e1s? Entonces es muy importante cuidar de tu salud. Descubre c\u00f3mo <a href=\"https:\/\/www.generali.es\/seguros-particulares\/vida\" rel=\"noopener\" target=\"_blank\">podemos ayudarte<\/a>.<\/p>\n<p>Haz que este a\u00f1o est\u00e9 lleno de \u00e9xitos para tu carrera con nuestros fant\u00e1sticos consejos para destacar en la oficina:<\/p>\n<p><a href=\"https:\/\/generalimasqueseguros.generali.es\/llamadas-trabajo-consejos-videollamadas-call\/\" rel=\"noopener\" target=\"_blank\" title=\"C\u00f3mo sacar el m\u00e1ximo partido a las llamadas de trabajo\">C\u00f3mo sacar el m\u00e1ximo partido a las llamadas de trabajo<\/a><\/p>\n<p><a href=\"https:\/\/generalimasqueseguros.generali.es\/reducir-estres-empleados-consejos-empresas\/\" rel=\"noopener noreferrer\" target=\"_blank\" title=\"Consejos para reducir el estr\u00e9s de tus empleados\">Consejos para reducir el estr\u00e9s de tus empleados<\/a><\/p>\n<p><a href=\"https:\/\/generalimasqueseguros.generali.es\/como-mejorar-tus-habilidades-en-las-presentaciones-de-trabajo\/\" rel=\"noopener noreferrer\" target=\"_blank\" title=\"C\u00f3mo mejorar tus habilidades en las presentaciones de trabajo\">C\u00f3mo mejorar tus habilidades en las presentaciones de trabajo<\/a><\/p>\n<p><a href=\"https:\/\/generalimasqueseguros.generali.es\/maximiza-tu-productividad-laboral-con-esta-rutina-diaria\/\" rel=\"noopener noreferrer\" target=\"_blank\" title=\"Maximiza tu productividad laboral con esta rutina diaria\">Maximiza tu productividad laboral con esta rutina diaria<\/a><\/p>\n<p><a href=\"https:\/\/generalimasqueseguros.generali.es\/como-gestionar-eficientemente-tu-tiempo\/\" rel=\"noopener noreferrer\" target=\"_blank\">Como gestionar eficientemente tu tiempo<\/a><\/p>\n<p><a href=\"https:\/\/generalimasqueseguros.generali.es\/la-oficina-de-tus-suenos-en-casa\/\" rel=\"noopener noreferrer\" target=\"_blank\">La oficina de tus sue\u00f1as en casa<\/a><\/p>\n<p><img loading=\"lazy\" decoding=\"async\" alt=\"\" class=\"nc_pixel\" height=\"1\" src=\"https:\/\/pixel.welcomesoftware.com\/px.gif?key=YXJ0aWNsZT03MDg3NDUxMDEyMmMxMWViOGRlNzA3Yjc5NDdmNGM3YQ==\" width=\"1\"\/><\/p>\n","protected":false},"excerpt":{"rendered":"<p>Saber hablar en p\u00fablico es una habilidad que te puede ayudar a potenciar tu perfil profesional y a ganar confianza en ti mismo. Sin embargo, nadie nace siendo un experto orador. Lo normal es que a todo el mundo le d\u00e9 cierto v\u00e9rtigo enfrentarse a una audiencia en silencio, aunque a algunas personas les resulta [&hellip;]<\/p>\n","protected":false},"author":6,"featured_media":4297,"comment_status":"closed","ping_status":"open","sticky":false,"template":"","format":"standard","meta":{"footnotes":""},"categories":[1],"tags":[3714,14,3717,51,3718,3716,3607,3674,3715],"yst_prominent_words":[],"acf":[],"_links":{"self":[{"href":"https:\/\/www.generali.es\/blog\/generalimasqueseguros\/wp-json\/wp\/v2\/posts\/4298"}],"collection":[{"href":"https:\/\/www.generali.es\/blog\/generalimasqueseguros\/wp-json\/wp\/v2\/posts"}],"about":[{"href":"https:\/\/www.generali.es\/blog\/generalimasqueseguros\/wp-json\/wp\/v2\/types\/post"}],"author":[{"embeddable":true,"href":"https:\/\/www.generali.es\/blog\/generalimasqueseguros\/wp-json\/wp\/v2\/users\/6"}],"replies":[{"embeddable":true,"href":"https:\/\/www.generali.es\/blog\/generalimasqueseguros\/wp-json\/wp\/v2\/comments?post=4298"}],"version-history":[{"count":0,"href":"https:\/\/www.generali.es\/blog\/generalimasqueseguros\/wp-json\/wp\/v2\/posts\/4298\/revisions"}],"wp:featuredmedia":[{"embeddable":true,"href":"https:\/\/www.generali.es\/blog\/generalimasqueseguros\/wp-json\/wp\/v2\/media\/4297"}],"wp:attachment":[{"href":"https:\/\/www.generali.es\/blog\/generalimasqueseguros\/wp-json\/wp\/v2\/media?parent=4298"}],"wp:term":[{"taxonomy":"category","embeddable":true,"href":"https:\/\/www.generali.es\/blog\/generalimasqueseguros\/wp-json\/wp\/v2\/categories?post=4298"},{"taxonomy":"post_tag","embeddable":true,"href":"https:\/\/www.generali.es\/blog\/generalimasqueseguros\/wp-json\/wp\/v2\/tags?post=4298"},{"taxonomy":"yst_prominent_words","embeddable":true,"href":"https:\/\/www.generali.es\/blog\/generalimasqueseguros\/wp-json\/wp\/v2\/yst_prominent_words?post=4298"}],"curies":[{"name":"wp","href":"https:\/\/api.w.org\/{rel}","templated":true}]}}