{"id":4243,"date":"2020-11-25T12:50:00","date_gmt":"2020-11-25T11:50:00","guid":{"rendered":"https:\/\/www.generali.es\/blog\/generalimasqueseguros\/?p=4243"},"modified":"2022-06-02T15:55:11","modified_gmt":"2022-06-02T13:55:11","slug":"sobrecarga-informativa-infoxicacion-consejos","status":"publish","type":"post","link":"https:\/\/www.generali.es\/blog\/generalimasqueseguros\/sobrecarga-informativa-infoxicacion-consejos\/","title":{"rendered":"C\u00d3MO LIDIAR CON LA SOBRECARGA INFORMATIVA"},"content":{"rendered":"\n<p>Gracias a Internet, el acceso a cantidades ingentes de informaci\u00f3n est\u00e1 a disposici\u00f3n de todos. Ya han quedado atr\u00e1s las voluminosas enciclopedias, o los largos d\u00edas en la biblioteca para acceder a fuentes y datos. Actualmente estamos a un solo clic de conocer todo lo que nos rodea. Sin embargo, esta <b>sobrecarga informativa<\/b> <b>tambi\u00e9n esconde una cara negativa<\/b>. El exceso de informaci\u00f3n que recibimos diariamente puede llegar a <b>provocar inseguridad y perjudicar el resultado de nuestro trabajo<\/b>. Descubre qu\u00e9 es la \u201cinfoxicaci\u00f3n\u201d y cu\u00e1les son sus s\u00edntomas.<\/p>\n\n\n\n<p>&nbsp;<\/p>\n<h2 class=\"wp-caption-text\"><span style=\"color: #c21b00;\"><strong><span style=\"font-size: 16pt;\">\u00bfQu\u00e9 es la sobrecarga informativa o la infoxicaci\u00f3n?<\/span><\/strong><\/span><\/h2>\n<p>&nbsp;<\/p>\n\n\n\n<p>La <strong>sobrecarga informativa<\/strong> es el fen\u00f3meno que sufren algunas personas cuando sienten que la <strong>informaci\u00f3n a la que est\u00e1n expuestas es superior a la que pueden asimilar<\/strong>. Tambi\u00e9n es conocida por el <strong>t<b>\u00e9<\/b><\/strong><b>rmino \u201cinfoxicaci\u00f3n\u201d<\/b>, que es un neologismo en el que se<b> combinan las palabras \u201cinformaci\u00f3n\u201d e \u201cintoxicaci\u00f3n\u201d<\/b>. Este tiene su origen en el concepto <i>\u201cinformation overload\u201d<\/i>, acu\u00f1ado en 1970 por el soci\u00f3logo <a href=\"https:\/\/es.wikipedia.org\/wiki\/Alvin_Toffler\" rel=\"nofollow\">Alvin Toffler<\/a>. Antes de la popularizaci\u00f3n de Internet, la informaci\u00f3n era filtrada y contrastada por profesionales que, a su vez, la transmit\u00edan a la poblaci\u00f3n. Sin embargo, a medida que aumenta la facilidad de acceso a la informaci\u00f3n, tambi\u00e9n lo hace el n\u00famero de fuentes.<\/p>\n\n\n\n<p>El problema no est\u00e1 realmente en el acceso a la informaci\u00f3n, sino en que basamos nuestras decisiones en la informaci\u00f3n que recibimos. Y si no hemos sido capaces de contrastarla, o directamente no es correcta, esto repercutir\u00e1 en nuestro d\u00eda a d\u00eda. Adem\u00e1s, la <b>infoxicaci\u00f3n o sobrecarga informativa tambi\u00e9n puede producir efectos psicol\u00f3gicos adversos<\/b> <b>como<\/b> <b>estr\u00e9s y ansiedad.<\/b><\/p>\n\n\n\n<p>&nbsp;<\/p>\n<h2 class=\"wp-caption-text\"><span style=\"color: #c21b00;\"><strong><span style=\"font-size: 16pt;\">Consecuencias de la sobrecarga informativa<\/span><\/strong><\/span><\/h2>\n<p>&nbsp;<\/p>\n\n\n\n<p>Las principales <b>consecuencias de la sobrecarga informativa<\/b> son las siguientes:<\/p>\n\n\n\n<ul><li><b>S\u00edndrome de fatiga informativa<\/b>: se suele dar en personas que tienen que lidiar con una gran cantidad de informaci\u00f3n. Este s\u00edndrome provoca par\u00e1lisis en la capacidad anal\u00edtica, siendo incapaz de poder procesar informaci\u00f3n y sacar conclusiones adecuadas. Tambi\u00e9n puede llevarnos a <b>tener dudas constantes<\/b>, a la <b>toma de decisiones equivocadas<\/b> y, en \u00faltimo t\u00e9rmino, a un <b>ataque de ansiedad.<\/b><\/li><li><b>Reducci\u00f3n de la atenci\u00f3n<\/b>: esta sobrecarga en los impactos de informaci\u00f3n que recibimos provoca que nuestro cerebro vaya desechando instintivamente est\u00edmulos.<\/li><li><b>Baja productividad<\/b>: m\u00e1s all\u00e1&nbsp; de que la abundante informaci\u00f3n nos ayuda a estar m\u00e1s alerta y mejorar nuestra productividad, en ocasiones acaba nubl\u00e1ndonos la perspectiva y colapsa nuestra capacidad reflexiva.<\/li><li><b>P\u00e9rdida de memoria<\/b>: el exceso de informaci\u00f3n que tratamos de almacenar en nuestro cerebro provoca un colapso en la capacidad de memorizaci\u00f3n que tenemos y, por tanto, acabamos olvidando cuestiones que s\u00ed era importante retener.<\/li><li><b>Superficialidad en el procesamiento de informaci\u00f3n<\/b>: habernos acostumbrado a consumir titulares en 2 segundos, a revisar r\u00e1pidamente las notificaciones o a buscar un peque\u00f1o dato dentro de un texto lo antes posible nos acostumbra a que tratemos de consumir todo aceleradamente. Adem\u00e1s de perder mucha informaci\u00f3n por el camino, la que s\u00ed retenemos en ocasiones nos conduce a conclusiones precipitadas.<\/li><\/ul>\n\n\n\n<p>&nbsp;<\/p>\n<h2 class=\"wp-caption-text\"><span style=\"color: #c21b00;\"><strong><span style=\"font-size: 16pt;\">C\u00f3mo podemos evitar la infoxicaci\u00f3n<\/span><\/strong><\/span><\/h2>\n<p>&nbsp;<\/p>\n\n\n\n<p>Si bien individualmente no seremos capaces de frenar el exceso de informaci\u00f3n al que estamos expuestos, s\u00ed podemos evitar sus efectos. Antes de enfrentarte a una b\u00fasqueda por Internet, piensa que \u201cmenos es m\u00e1s\u201d. Es mejor <b>escoger una fuente fiable y ser capaz de interiorizar un art\u00edculo en profundidad<\/b> que leer 5 en el menor tiempo posible y no ser capaz de extraer conclusiones claras.<\/p>\n\n\n\n<p>La mejor forma de <b>luchar contra la sobrecarga informativa <\/b>es tener unos <b>h\u00e1bitos de consumo de informaci\u00f3n adecuados<\/b>. De la misma forma que hay alimentos que nos encantan, pero sabemos que no son saludables, hay determinada informaci\u00f3n con la que ocurre lo mismo. Sabemos que nos mantiene entretenidos o alerta, pero no necesariamente nos est\u00e1 ayudando. O, por lo menos, no en abundancia. As\u00ed que no te preocupes si sientes que necesitas un respiro por el exceso de informaci\u00f3n. \u00a1Es normal! <strong>Trata de dosificar la informaci\u00f3n que consumes<\/strong> y que no te afecte en tu d\u00eda a d\u00eda.<\/p>\n\n\n\n<p><span data-sheets-value=\"{&quot;1&quot;:2,&quot;2&quot;:&quot;Estar preparado para el futuro implica plantearse un seguro. Aqu\u00ed tienes lo que necesitas saber.&quot;}\" data-sheets-userformat=\"{&quot;2&quot;:6529,&quot;3&quot;:{&quot;1&quot;:0,&quot;3&quot;:1},&quot;10&quot;:2,&quot;11&quot;:4,&quot;14&quot;:{&quot;1&quot;:2,&quot;2&quot;:0},&quot;15&quot;:&quot;Arial&quot;}\">Estar preparado para el futuro implica <a href=\"https:\/\/www.generali.es\/seguros-particulares\/vida\" target=\"_blank\" rel=\"noopener noreferrer\">plantearse un seguro.<\/a> Aqu\u00ed tienes lo que necesitas saber.<\/span><\/p>\n\n\n\n<p><span data-sheets-value=\"{&quot;1&quot;:2,&quot;2&quot;:&quot;Estar preparado para el futuro implica plantearse un seguro. Aqu\u00ed tienes lo que necesitas saber.&quot;}\" data-sheets-userformat=\"{&quot;2&quot;:6529,&quot;3&quot;:{&quot;1&quot;:0,&quot;3&quot;:1},&quot;10&quot;:2,&quot;11&quot;:4,&quot;14&quot;:{&quot;1&quot;:2,&quot;2&quot;:0},&quot;15&quot;:&quot;Arial&quot;}\">\u00bfEst\u00e1s al d\u00eda con las nuevas apps y tecnolog\u00edas que pueden transformar tu hogar en un centro inteligente? \u00c9chale un vistazo a nuestro contenido para descubrir la \u00faltima informaci\u00f3n:<\/span><\/p>\n\n\n\n<p><a title=\"La \u00faltima tecnolog\u00eda no tiene que salir muy cara\" href=\"https:\/\/www.generali.es\/blog\/generalimasqueseguros\/ultima-tecnologia-ahorro\/\" target=\"_blank\" rel=\"noopener noreferrer\">La \u00faltima tecnolog\u00eda no tiene que salir muy cara<\/a><\/p>\n\n\n\n<p><a title=\"\u00bfTu contrase\u00f1a es lo suficientemente segura?\" href=\"https:\/\/www.generali.es\/blog\/generalimasqueseguros\/tu-contrasena-es-lo-suficientemente-segura\/\" target=\"_blank\" rel=\"noopener noreferrer\">\u00bfTu contrase\u00f1a es lo suficientemente segura?<\/a><\/p>\n\n\n\n<p><a href=\"https:\/\/www.generali.es\/blog\/generalimasqueseguros\/guia-para-proteger-tu-informacion-personal\/\" target=\"_blank\" rel=\"noopener noreferrer\">Gu\u00eda para proteger tu informaci\u00f3n personal<\/a><\/p>\n\n\n\n<p><a title=\"C\u00f3mo usar la m\u00fasica para concentrarte mejor\" href=\"https:\/\/www.generali.es\/blog\/generalimasqueseguros\/como-usar-la-musica-para-concentrarte-mejor\/\" target=\"_blank\" rel=\"noopener noreferrer\">C\u00f3mo usar la m\u00fasica para concentrarte mejor<\/a><\/p>\n\n\n\n<p><span data-sheets-value=\"{&quot;1&quot;:2,&quot;2&quot;:&quot;Estar preparado para el futuro implica plantearse un seguro. Aqu\u00ed tienes lo que necesitas saber.&quot;}\" data-sheets-userformat=\"{&quot;2&quot;:6529,&quot;3&quot;:{&quot;1&quot;:0,&quot;3&quot;:1},&quot;10&quot;:2,&quot;11&quot;:4,&quot;14&quot;:{&quot;1&quot;:2,&quot;2&quot;:0},&quot;15&quot;:&quot;Arial&quot;}\"><a title=\"Tecnolog\u00eda para trabajar desde casa\" href=\"https:\/\/www.generali.es\/blog\/generalimasqueseguros\/tecnologia-para-trabajar-desde-casa\/\" target=\"_blank\" rel=\"noopener noreferrer\">Tecnolog\u00eda para trabajar desde casa<\/a><\/span><\/p>\n\n\n\n<figure class=\"wp-block-image\"><img decoding=\"async\" src=\"https:\/\/pixel.newscred.com\/px.gif?key=YXJ0aWNsZT00NzUzZTIzN2ZlM2IxMWVhYTFiYzkxNWQ4ODQ1NjgxNQ==\" alt=\"\"\/><\/figure>\n","protected":false},"excerpt":{"rendered":"<p>Gracias a Internet, el acceso a cantidades ingentes de informaci\u00f3n est\u00e1 a disposici\u00f3n de todos. Ya han quedado atr\u00e1s las voluminosas enciclopedias, o los largos d\u00edas en la biblioteca para acceder a fuentes y datos. Actualmente estamos a un solo clic de conocer todo lo que nos rodea. Sin embargo, esta sobrecarga informativa tambi\u00e9n esconde [&hellip;]<\/p>\n","protected":false},"author":6,"featured_media":4242,"comment_status":"closed","ping_status":"open","sticky":false,"template":"","format":"standard","meta":{"footnotes":""},"categories":[1],"tags":[3638,3697,1843,19,3688,3698,3695,3696],"yst_prominent_words":[],"acf":[],"_links":{"self":[{"href":"https:\/\/www.generali.es\/blog\/generalimasqueseguros\/wp-json\/wp\/v2\/posts\/4243"}],"collection":[{"href":"https:\/\/www.generali.es\/blog\/generalimasqueseguros\/wp-json\/wp\/v2\/posts"}],"about":[{"href":"https:\/\/www.generali.es\/blog\/generalimasqueseguros\/wp-json\/wp\/v2\/types\/post"}],"author":[{"embeddable":true,"href":"https:\/\/www.generali.es\/blog\/generalimasqueseguros\/wp-json\/wp\/v2\/users\/6"}],"replies":[{"embeddable":true,"href":"https:\/\/www.generali.es\/blog\/generalimasqueseguros\/wp-json\/wp\/v2\/comments?post=4243"}],"version-history":[{"count":0,"href":"https:\/\/www.generali.es\/blog\/generalimasqueseguros\/wp-json\/wp\/v2\/posts\/4243\/revisions"}],"wp:featuredmedia":[{"embeddable":true,"href":"https:\/\/www.generali.es\/blog\/generalimasqueseguros\/wp-json\/wp\/v2\/media\/4242"}],"wp:attachment":[{"href":"https:\/\/www.generali.es\/blog\/generalimasqueseguros\/wp-json\/wp\/v2\/media?parent=4243"}],"wp:term":[{"taxonomy":"category","embeddable":true,"href":"https:\/\/www.generali.es\/blog\/generalimasqueseguros\/wp-json\/wp\/v2\/categories?post=4243"},{"taxonomy":"post_tag","embeddable":true,"href":"https:\/\/www.generali.es\/blog\/generalimasqueseguros\/wp-json\/wp\/v2\/tags?post=4243"},{"taxonomy":"yst_prominent_words","embeddable":true,"href":"https:\/\/www.generali.es\/blog\/generalimasqueseguros\/wp-json\/wp\/v2\/yst_prominent_words?post=4243"}],"curies":[{"name":"wp","href":"https:\/\/api.w.org\/{rel}","templated":true}]}}