{"id":4080,"date":"2020-10-02T10:05:00","date_gmt":"2020-10-02T08:05:00","guid":{"rendered":"https:\/\/www.generali.es\/blog\/generalimasqueseguros\/?p=4080"},"modified":"2022-05-17T14:40:24","modified_gmt":"2022-05-17T12:40:24","slug":"redactar-curriculum-vitae-perfecto-consejos","status":"publish","type":"post","link":"https:\/\/www.generali.es\/blog\/generalimasqueseguros\/redactar-curriculum-vitae-perfecto-consejos\/","title":{"rendered":"CONSEJOS PARA REDACTAR TU CURR\u00cdCULUM VITAE"},"content":{"rendered":"\n<p>\u00bfEst\u00e1s buscando trabajo y quieres destacar entre la multitud? <strong>Tu curr\u00edculum vitae o CV es clave para pasar la criba<\/strong>, as\u00ed que aqu\u00ed te ense\u00f1amos qu\u00e9 debes y qu\u00e9 no debes hacer para venderte a un posible empleador. <strong>Descubre algunas claves para redactar el curr\u00edculum infalible.<\/strong><\/p>\n\n\n\n<p>Para buscar el trabajo ideal, los candidatos deber\u00e1n investigar qu\u00e9 puestos se ofertan y <strong>aprovechar el tiempo para completar su formaci\u00f3n<\/strong> con los certificados necesarios que podr\u00eda demandar su mercado. Ten en cuenta que estos <strong>certificados o diplomas pueden resultar m\u00e1s baratos si se cursan <i>online<\/i>.<\/strong> \u00a1Y aumentar\u00e1n mucho tus posibilidades de acceder a una entrevista de trabajo si los incluyes en tu curr\u00edculum!<\/p>\n\n\n\n<p>En la actualidad, cada vez hay m\u00e1s plataformas de formaci\u00f3n en Internet que ofrecen cursos de calidad a un bajo coste. Consulta la oferta de <a href=\"https:\/\/www.linkedin.com\/learning\/me\" target=\"_blank\" rel=\"noopener noreferrer nofollow\">LinkedIn Leaning<\/a>, que te sugiere formaci\u00f3n seg\u00fan tus \u00e1reas de trabajo e intereses, o <a href=\"https:\/\/es.coursera.org\/\" target=\"_blank\" rel=\"noopener noreferrer nofollow\">Coursera<\/a>, que incluso ofrece actualmente recursos de aprendizaje gratis durante la pandemia para universidades, gobiernos y estudiantes de universidades y facultades. Si en estos momentos te encuentras en un ERTE o eres aut\u00f3nomo puedes aprovechar algunos <strong>cursos <a href=\"https:\/\/www.cursosfemxa.es\/cursos-online-tecnologias-informacion-comunicacion-erte\" target=\"_blank\" rel=\"noopener noreferrer nofollow\">subvencionados por el Ministerio de Trabajo<\/a> <\/strong>destinados a mejorar la empleabilidad (y tambi\u00e9n tu curr\u00edculum).<\/p>\n\n\n\n<figure class=\"wp-block-image\"><img decoding=\"async\" src=\"https:\/\/images-cdn.newscred.com\/Zz0yYzNhMzBkYmY2NmYxMWVhODQzYjBlODYwNWQ3NmExNQ==\" alt=\"Generali_CV_infographic_SPANISH.png\"\/><\/figure>\n\n\n\n<h2 class=\"wp-block-heading\">&nbsp;<\/h2>\n\n\n\n<p>Desde consejos de seguridad a qu\u00e9 m\u00fasica escuchar para concentrarte mejor, sigue nuestros consejos <strong>M\u00e1s que Seguros: <\/strong><\/p>\n\n\n\n<p><a title=\"Tecnolog\u00eda para trabajar desde casa\" href=\"https:\/\/www.generali.es\/blog\/generalimasqueseguros\/tecnologia-para-trabajar-desde-casa\/\" target=\"_blank\" rel=\"noopener noreferrer\">Tecnolog\u00eda para trabajar desde casa<\/a><\/p>\n\n\n\n<p><a title=\"\u00bfTu contrase\u00f1a es lo suficientemente segura?\" href=\"https:\/\/www.generali.es\/blog\/generalimasqueseguros\/tu-contrasena-es-lo-suficientemente-segura\/\" target=\"_blank\" rel=\"noopener noreferrer\">\u00bfTu contrase\u00f1a es lo suficientemente segura?<\/a><\/p>\n\n\n\n<p><a href=\"https:\/\/www.generali.es\/blog\/generalimasqueseguros\/guia-para-proteger-tu-informacion-personal\/\" target=\"_blank\" rel=\"noopener noreferrer\">Gu\u00eda para proteger tu informaci\u00f3n personal<\/a><\/p>\n\n\n\n<p><a title=\"C\u00f3mo usar la m\u00fasica para concentrarte mejor\" href=\"https:\/\/www.generali.es\/blog\/generalimasqueseguros\/como-usar-la-musica-para-concentrarte-mejor\/\" target=\"_blank\" rel=\"noopener noreferrer\">C\u00f3mo usar la m\u00fasica para concentrarte mejor<\/a><\/p>\n\n\n\n<figure class=\"wp-block-image\"><img decoding=\"async\" src=\"https:\/\/pixel.newscred.com\/px.gif?key=YXJ0aWNsZT00OTE3ZGU4NWU3MGUxMWVhOGEzODBhYTExYTRiMTkwZA==\" alt=\"\"\/><\/figure>\n","protected":false},"excerpt":{"rendered":"<p>\u00bfEst\u00e1s buscando trabajo y quieres destacar entre la multitud? Tu curr\u00edculum vitae o CV es clave para pasar la criba, as\u00ed que aqu\u00ed te ense\u00f1amos qu\u00e9 debes y qu\u00e9 no debes hacer para venderte a un posible empleador. Descubre algunas claves para redactar el curr\u00edculum infalible. Para buscar el trabajo ideal, los candidatos deber\u00e1n investigar [&hellip;]<\/p>\n","protected":false},"author":6,"featured_media":4079,"comment_status":"open","ping_status":"open","sticky":false,"template":"","format":"standard","meta":{"footnotes":""},"categories":[1],"tags":[14,51,32],"yst_prominent_words":[],"acf":[],"_links":{"self":[{"href":"https:\/\/www.generali.es\/blog\/generalimasqueseguros\/wp-json\/wp\/v2\/posts\/4080"}],"collection":[{"href":"https:\/\/www.generali.es\/blog\/generalimasqueseguros\/wp-json\/wp\/v2\/posts"}],"about":[{"href":"https:\/\/www.generali.es\/blog\/generalimasqueseguros\/wp-json\/wp\/v2\/types\/post"}],"author":[{"embeddable":true,"href":"https:\/\/www.generali.es\/blog\/generalimasqueseguros\/wp-json\/wp\/v2\/users\/6"}],"replies":[{"embeddable":true,"href":"https:\/\/www.generali.es\/blog\/generalimasqueseguros\/wp-json\/wp\/v2\/comments?post=4080"}],"version-history":[{"count":0,"href":"https:\/\/www.generali.es\/blog\/generalimasqueseguros\/wp-json\/wp\/v2\/posts\/4080\/revisions"}],"wp:featuredmedia":[{"embeddable":true,"href":"https:\/\/www.generali.es\/blog\/generalimasqueseguros\/wp-json\/wp\/v2\/media\/4079"}],"wp:attachment":[{"href":"https:\/\/www.generali.es\/blog\/generalimasqueseguros\/wp-json\/wp\/v2\/media?parent=4080"}],"wp:term":[{"taxonomy":"category","embeddable":true,"href":"https:\/\/www.generali.es\/blog\/generalimasqueseguros\/wp-json\/wp\/v2\/categories?post=4080"},{"taxonomy":"post_tag","embeddable":true,"href":"https:\/\/www.generali.es\/blog\/generalimasqueseguros\/wp-json\/wp\/v2\/tags?post=4080"},{"taxonomy":"yst_prominent_words","embeddable":true,"href":"https:\/\/www.generali.es\/blog\/generalimasqueseguros\/wp-json\/wp\/v2\/yst_prominent_words?post=4080"}],"curies":[{"name":"wp","href":"https:\/\/api.w.org\/{rel}","templated":true}]}}